{"id":1038,"date":"2023-09-13T18:35:55","date_gmt":"2023-09-13T22:35:55","guid":{"rendered":"https:\/\/asbtalents.com\/?p=1038"},"modified":"2025-02-14T14:52:34","modified_gmt":"2025-02-14T19:52:34","slug":"newport-beach-filmfest-premiere-americaine-de-frontieres-le-18-octobre-avec-megane-proulx","status":"publish","type":"post","link":"https:\/\/asbtalents.com\/en\/newport-beach-filmfest-premiere-americaine-de-frontieres-le-18-octobre-avec-megane-proulx\/","title":{"rendered":"NEWPORT BEACH FILMFEST: Premi\u00e8re Am\u00e9ricaine de Fronti\u00e8res le 18 octobre avec M\u00e9gane Proulx"},"content":{"rendered":"<p><\/p>\n\n\n\n<figure class=\"wp-block-image size-full\"><a href=\"https:\/\/nbff23.eventive.org\/films\/64ed2a51a2af49001f29b995\" target=\"_blank\" rel=\"noreferrer noopener\"><img loading=\"lazy\" decoding=\"async\" width=\"960\" height=\"540\" src=\"https:\/\/asbtalents.com\/wp-content\/uploads\/2023\/09\/frontieres-edoin.jpg\" alt=\"\" class=\"wp-image-1039\" srcset=\"https:\/\/asbtalents.com\/wp-content\/uploads\/2023\/09\/frontieres-edoin.jpg 960w, https:\/\/asbtalents.com\/wp-content\/uploads\/2023\/09\/frontieres-edoin-300x169.jpg 300w, https:\/\/asbtalents.com\/wp-content\/uploads\/2023\/09\/frontieres-edoin-768x432.jpg 768w, https:\/\/asbtalents.com\/wp-content\/uploads\/2023\/09\/frontieres-edoin-18x10.jpg 18w\" sizes=\"auto, (max-width: 960px) 100vw, 960px\" \/><\/a><\/figure>","protected":false},"excerpt":{"rendered":"","protected":false},"author":1,"featured_media":1039,"comment_status":"closed","ping_status":"open","sticky":false,"template":"","format":"standard","meta":{"_acf_changed":false,"footnotes":""},"categories":[7,1],"tags":[],"class_list":["post-1038","post","type-post","status-publish","format-standard","has-post-thumbnail","hentry","category-pas_sur_accueil","category-uncategorized"],"acf":[],"_links":{"self":[{"href":"https:\/\/asbtalents.com\/en\/wp-json\/wp\/v2\/posts\/1038","targetHints":{"allow":["GET"]}}],"collection":[{"href":"https:\/\/asbtalents.com\/en\/wp-json\/wp\/v2\/posts"}],"about":[{"href":"https:\/\/asbtalents.com\/en\/wp-json\/wp\/v2\/types\/post"}],"author":[{"embeddable":true,"href":"https:\/\/asbtalents.com\/en\/wp-json\/wp\/v2\/users\/1"}],"replies":[{"embeddable":true,"href":"https:\/\/asbtalents.com\/en\/wp-json\/wp\/v2\/comments?post=1038"}],"version-history":[{"count":1,"href":"https:\/\/asbtalents.com\/en\/wp-json\/wp\/v2\/posts\/1038\/revisions"}],"predecessor-version":[{"id":1040,"href":"https:\/\/asbtalents.com\/en\/wp-json\/wp\/v2\/posts\/1038\/revisions\/1040"}],"wp:featuredmedia":[{"embeddable":true,"href":"https:\/\/asbtalents.com\/en\/wp-json\/wp\/v2\/media\/1039"}],"wp:attachment":[{"href":"https:\/\/asbtalents.com\/en\/wp-json\/wp\/v2\/media?parent=1038"}],"wp:term":[{"taxonomy":"category","embeddable":true,"href":"https:\/\/asbtalents.com\/en\/wp-json\/wp\/v2\/categories?post=1038"},{"taxonomy":"post_tag","embeddable":true,"href":"https:\/\/asbtalents.com\/en\/wp-json\/wp\/v2\/tags?post=1038"}],"curies":[{"name":"wp","href":"https:\/\/api.w.org\/{rel}","templated":true}]}}