{"id":1078,"date":"2023-10-03T08:17:06","date_gmt":"2023-10-03T12:17:06","guid":{"rendered":"https:\/\/asbtalents.com\/?p=1078"},"modified":"2025-02-14T14:52:16","modified_gmt":"2025-02-14T19:52:16","slug":"echo-a-delta-remporte-le-prix-de-la-fipresci-et-une-mention-speciale-du-jury-junior-au-28e-festival-de-schlingel-en-allemagne","status":"publish","type":"post","link":"https:\/\/asbtalents.com\/en\/echo-a-delta-remporte-le-prix-de-la-fipresci-et-une-mention-speciale-du-jury-junior-au-28e-festival-de-schlingel-en-allemagne\/","title":{"rendered":"\u00c9cho \u00e0 Delta remporte le Prix de la FIPRESCI et une mention sp\u00e9ciale du Jury Junior au 28e festival de Schlingel en Allemagne"},"content":{"rendered":"<p>Avec Isak (\u00c9tienne), Ines Feghouli (Safia) et Rosemay Lefebvre (Charlotte)<\/p>\n\n\n\n<p>Un article de CTVM \u00e0 lire <a href=\"https:\/\/ctvm.info\/echo-a-delta-remporte-le-prix-de-la-fipresci-et-une-mention-speciale-du-jury-junior-au-28e-festival-de-schlingel-en-allemagne\/\">ici<\/a><\/p>\n\n\n\n<figure class=\"wp-block-image size-large\"><a href=\"https:\/\/ctvm.info\/echo-a-delta-remporte-le-prix-de-la-fipresci-et-une-mention-speciale-du-jury-junior-au-28e-festival-de-schlingel-en-allemagne\/\"><img loading=\"lazy\" decoding=\"async\" width=\"1024\" height=\"412\" src=\"https:\/\/asbtalents.com\/wp-content\/uploads\/2023\/10\/EaD-7-1024x412.jpg\" alt=\"\" class=\"wp-image-1079\" srcset=\"https:\/\/asbtalents.com\/wp-content\/uploads\/2023\/10\/EaD-7-1024x412.jpg 1024w, https:\/\/asbtalents.com\/wp-content\/uploads\/2023\/10\/EaD-7-300x121.jpg 300w, https:\/\/asbtalents.com\/wp-content\/uploads\/2023\/10\/EaD-7-768x309.jpg 768w, https:\/\/asbtalents.com\/wp-content\/uploads\/2023\/10\/EaD-7-1536x617.jpg 1536w, https:\/\/asbtalents.com\/wp-content\/uploads\/2023\/10\/EaD-7-2048x823.jpg 2048w, https:\/\/asbtalents.com\/wp-content\/uploads\/2023\/10\/EaD-7-18x7.jpg 18w, https:\/\/asbtalents.com\/wp-content\/uploads\/2023\/10\/EaD-7.jpg 2500w\" sizes=\"auto, (max-width: 1024px) 100vw, 1024px\" \/><\/a><\/figure>","protected":false},"excerpt":{"rendered":"<p>Avec Isak (\u00c9tienne), Ines Feghouli (Safia) et Rosemay Lefebvre (Charlotte) Un article de CTVM \u00e0 lire ici<\/p>","protected":false},"author":1,"featured_media":1079,"comment_status":"closed","ping_status":"open","sticky":false,"template":"","format":"standard","meta":{"_acf_changed":false,"footnotes":""},"categories":[7,1],"tags":[],"class_list":["post-1078","post","type-post","status-publish","format-standard","has-post-thumbnail","hentry","category-pas_sur_accueil","category-uncategorized"],"acf":[],"_links":{"self":[{"href":"https:\/\/asbtalents.com\/en\/wp-json\/wp\/v2\/posts\/1078","targetHints":{"allow":["GET"]}}],"collection":[{"href":"https:\/\/asbtalents.com\/en\/wp-json\/wp\/v2\/posts"}],"about":[{"href":"https:\/\/asbtalents.com\/en\/wp-json\/wp\/v2\/types\/post"}],"author":[{"embeddable":true,"href":"https:\/\/asbtalents.com\/en\/wp-json\/wp\/v2\/users\/1"}],"replies":[{"embeddable":true,"href":"https:\/\/asbtalents.com\/en\/wp-json\/wp\/v2\/comments?post=1078"}],"version-history":[{"count":3,"href":"https:\/\/asbtalents.com\/en\/wp-json\/wp\/v2\/posts\/1078\/revisions"}],"predecessor-version":[{"id":1785,"href":"https:\/\/asbtalents.com\/en\/wp-json\/wp\/v2\/posts\/1078\/revisions\/1785"}],"wp:featuredmedia":[{"embeddable":true,"href":"https:\/\/asbtalents.com\/en\/wp-json\/wp\/v2\/media\/1079"}],"wp:attachment":[{"href":"https:\/\/asbtalents.com\/en\/wp-json\/wp\/v2\/media?parent=1078"}],"wp:term":[{"taxonomy":"category","embeddable":true,"href":"https:\/\/asbtalents.com\/en\/wp-json\/wp\/v2\/categories?post=1078"},{"taxonomy":"post_tag","embeddable":true,"href":"https:\/\/asbtalents.com\/en\/wp-json\/wp\/v2\/tags?post=1078"}],"curies":[{"name":"wp","href":"https:\/\/api.w.org\/{rel}","templated":true}]}}