{"id":1578,"date":"2024-07-25T14:01:46","date_gmt":"2024-07-25T18:01:46","guid":{"rendered":"https:\/\/asbtalents.com\/?p=1578"},"modified":"2025-02-14T14:25:51","modified_gmt":"2025-02-14T19:25:51","slug":"rosalie-turmel-rejoint-la-distribution-de-sorcieres-cet-automne","status":"publish","type":"post","link":"https:\/\/asbtalents.com\/en\/rosalie-turmel-rejoint-la-distribution-de-sorcieres-cet-automne\/","title":{"rendered":"Rosalie Turmel rejoint la distribution de Sorci\u00e8res"},"content":{"rendered":"<h5 class=\"wp-block-heading\">Synopsis de la deuxi\u00e8me saison<\/h5>\n\n\n\n<p>Voici le synopsis de la deuxi\u00e8me saison fourni par la production: \u00abAlors que Joe (C\u00e9line Bonnier), Beth (Marie-Joanne Boucher) et Agn\u00e8s (No\u00e9mie O\u2019Farrell) tentent de trouver un juste \u00e9quilibre dans leur vie personnelle, l\u2019arriv\u00e9e d\u2019une personne li\u00e9e \u00e0 la commune vient tout bouleverser. En parall\u00e8le, l\u2019identit\u00e9 des auteurs de la machination entourant l\u2019abandon du b\u00e9b\u00e9 pr\u00e8s des chutes est r\u00e9v\u00e9l\u00e9e et entra\u00eene de graves cons\u00e9quences pour certains personnages. Encore cette saison, le pass\u00e9 et le pr\u00e9sent s\u2019entrem\u00ealeront, d\u00e9nouant ainsi de nombreuses intrigues et cr\u00e9ant de nouveaux myst\u00e8res.\u00bb<\/p>\n\n\n\n<figure class=\"wp-block-image size-large\"><a href=\"https:\/\/www.journaldemontreal.com\/2024\/07\/22\/saison-2-germain-houde-lynda-johnson-et-marianne-fortier-rejoignent-sorcieres\"><img loading=\"lazy\" decoding=\"async\" width=\"1024\" height=\"698\" src=\"https:\/\/asbtalents.com\/wp-content\/uploads\/2024\/07\/Capture-decran-2024-07-23-103834-1024x698.png\" alt=\"\" class=\"wp-image-1579\" srcset=\"https:\/\/asbtalents.com\/wp-content\/uploads\/2024\/07\/Capture-decran-2024-07-23-103834-1024x698.png 1024w, https:\/\/asbtalents.com\/wp-content\/uploads\/2024\/07\/Capture-decran-2024-07-23-103834-300x205.png 300w, https:\/\/asbtalents.com\/wp-content\/uploads\/2024\/07\/Capture-decran-2024-07-23-103834-768x524.png 768w, https:\/\/asbtalents.com\/wp-content\/uploads\/2024\/07\/Capture-decran-2024-07-23-103834-18x12.png 18w, https:\/\/asbtalents.com\/wp-content\/uploads\/2024\/07\/Capture-decran-2024-07-23-103834.png 1245w\" sizes=\"auto, (max-width: 1024px) 100vw, 1024px\" \/><\/a><\/figure>","protected":false},"excerpt":{"rendered":"<p>Synopsis de la deuxi\u00e8me saison Voici le synopsis de la deuxi\u00e8me saison fourni par la production: \u00abAlors que Joe (C\u00e9line Bonnier), Beth (Marie-Joanne Boucher) et Agn\u00e8s (No\u00e9mie O\u2019Farrell) tentent de trouver un juste \u00e9quilibre dans leur vie personnelle, l\u2019arriv\u00e9e d\u2019une personne li\u00e9e \u00e0 la commune vient tout bouleverser. En parall\u00e8le, l\u2019identit\u00e9 des auteurs de la [&hellip;]<\/p>\n","protected":false},"author":1,"featured_media":2113,"comment_status":"closed","ping_status":"open","sticky":false,"template":"","format":"standard","meta":{"_acf_changed":false,"footnotes":""},"categories":[1],"tags":[],"class_list":["post-1578","post","type-post","status-publish","format-standard","has-post-thumbnail","hentry","category-uncategorized"],"acf":[],"_links":{"self":[{"href":"https:\/\/asbtalents.com\/en\/wp-json\/wp\/v2\/posts\/1578","targetHints":{"allow":["GET"]}}],"collection":[{"href":"https:\/\/asbtalents.com\/en\/wp-json\/wp\/v2\/posts"}],"about":[{"href":"https:\/\/asbtalents.com\/en\/wp-json\/wp\/v2\/types\/post"}],"author":[{"embeddable":true,"href":"https:\/\/asbtalents.com\/en\/wp-json\/wp\/v2\/users\/1"}],"replies":[{"embeddable":true,"href":"https:\/\/asbtalents.com\/en\/wp-json\/wp\/v2\/comments?post=1578"}],"version-history":[{"count":3,"href":"https:\/\/asbtalents.com\/en\/wp-json\/wp\/v2\/posts\/1578\/revisions"}],"predecessor-version":[{"id":2114,"href":"https:\/\/asbtalents.com\/en\/wp-json\/wp\/v2\/posts\/1578\/revisions\/2114"}],"wp:featuredmedia":[{"embeddable":true,"href":"https:\/\/asbtalents.com\/en\/wp-json\/wp\/v2\/media\/2113"}],"wp:attachment":[{"href":"https:\/\/asbtalents.com\/en\/wp-json\/wp\/v2\/media?parent=1578"}],"wp:term":[{"taxonomy":"category","embeddable":true,"href":"https:\/\/asbtalents.com\/en\/wp-json\/wp\/v2\/categories?post=1578"},{"taxonomy":"post_tag","embeddable":true,"href":"https:\/\/asbtalents.com\/en\/wp-json\/wp\/v2\/tags?post=1578"}],"curies":[{"name":"wp","href":"https:\/\/api.w.org\/{rel}","templated":true}]}}