{"id":1658,"date":"2024-08-08T11:25:30","date_gmt":"2024-08-08T15:25:30","guid":{"rendered":"https:\/\/asbtalents.com\/?p=1658"},"modified":"2025-02-14T14:23:18","modified_gmt":"2025-02-14T19:23:18","slug":"une-langue-universelle-de-matthew-rankin-avec-saba-vahedyousefi-en-premiere-nord-americaine-au-tiff","status":"publish","type":"post","link":"https:\/\/asbtalents.com\/en\/une-langue-universelle-de-matthew-rankin-avec-saba-vahedyousefi-en-premiere-nord-americaine-au-tiff\/","title":{"rendered":"UNE LANGUE UNIVERSELLE de Matthew Rankin avec Saba Vahedyousefi en premi\u00e8re nord-am\u00e9ricaine au TIFF"},"content":{"rendered":"<p>Un article<a href=\"https:\/\/ctvm.info\/une-langue-universelle-de-matthew-rankin-en-premiere-nord-americaine-au-tiff\/\"> CTVM<\/a><\/p>\n\n\n\n<figure class=\"wp-block-image size-large\"><img loading=\"lazy\" decoding=\"async\" width=\"1024\" height=\"646\" src=\"https:\/\/asbtalents.com\/wp-content\/uploads\/2024\/08\/Saba_Capture-decran-2024-08-08-112118-1024x646.png\" alt=\"\" class=\"wp-image-1659\" srcset=\"https:\/\/asbtalents.com\/wp-content\/uploads\/2024\/08\/Saba_Capture-decran-2024-08-08-112118-1024x646.png 1024w, https:\/\/asbtalents.com\/wp-content\/uploads\/2024\/08\/Saba_Capture-decran-2024-08-08-112118-300x189.png 300w, https:\/\/asbtalents.com\/wp-content\/uploads\/2024\/08\/Saba_Capture-decran-2024-08-08-112118-768x484.png 768w, https:\/\/asbtalents.com\/wp-content\/uploads\/2024\/08\/Saba_Capture-decran-2024-08-08-112118-18x12.png 18w, https:\/\/asbtalents.com\/wp-content\/uploads\/2024\/08\/Saba_Capture-decran-2024-08-08-112118.png 1408w\" sizes=\"auto, (max-width: 1024px) 100vw, 1024px\" \/><\/figure>\n\n\n\n<p>MAISON 4 :3 et Metafilms sont heureux de souligner que le film UNE LANGUE UNIVERSELLE, r\u00e9alis\u00e9 par Matthew Rankin, sera pr\u00e9sent\u00e9 en premi\u00e8re nord-am\u00e9ricaine et dans le \u00abCentrepiece Programme\u00bb r\u00e9serv\u00e9 aux \u0153uvres immanquables lors de la 49e \u00e9dition du Festival international du film de Toronto (TIFF), qui se tiendra du 5 au 15 septembre prochain. Rappelons que le film a \u00e9t\u00e9 pr\u00e9sent\u00e9 en premi\u00e8re mondiale lors de la Quinzaine des Cin\u00e9astes \u00e0 Cannes en mai dernier o\u00f9 il remportait les honneurs en \u00e9tant r\u00e9compens\u00e9 du tout premier prix du Public de la s\u00e9lection, le prix Chantal Akerman.<\/p>\n\n\n\n<p>UNE LANGUE UNIVERSELLE met en vedette le cin\u00e9aste lui-m\u00eame, ainsi que Mani Soleymanlou (La femme de mon fr\u00e8re, Avant le crash), Danielle Fichaud (Aline), Pirouz Nemati (Another Word for Learning)et les jeunes Rojina Esmaeili, Saba Vahedyousefi et Sobhan Javadi, pour la premi\u00e8re fois \u00e0 l\u2019\u00e9cran.<\/p>\n\n\n\n<h3 class=\"wp-block-heading\"><strong>Synopsis<\/strong><\/h3>\n\n\n\n<p>Quelque part entre T\u00e9h\u00e9ran et Winnipeg. Negin et Nazgol trouvent un billet de banque gel\u00e9 dans la glace et cherchent une fa\u00e7on de l\u2019extraire. Massoud guide un groupe de touristes confus \u00e0 travers les monuments et sites historiques de plus en plus absurdes de Winnipeg. Matthew abandonne son travail au gouvernement du Qu\u00e9bec et entreprend un voyage myst\u00e9rieux pour rendre visite \u00e0 sa m\u00e8re. Leurs identit\u00e9s personnelles, l\u2019espace-temps et la g\u00e9ographie de ces trois histoires se fondent, s\u2019enchev\u00eatrent et se r\u00e9pondent dans cette com\u00e9die surr\u00e9aliste de d\u00e9sorientation.<\/p>\n\n\n\n<p>Co-sc\u00e9naris\u00e9 par Matthew Rankin, Pirouz Nemati, et Ila Firouzabadi, UNE LANGUE UNIVERSELLE est le deuxi\u00e8me long-m\u00e9trage de Matthew Rankin apr\u00e8s la remarqu\u00e9 Le Vingti\u00e8me Si\u00e8cle qui remportait le Prix FIPRESCI \u00e0 la Berlinale 2020.<\/p>\n\n\n\n<p>Tourn\u00e9 en fran\u00e7ais et en persan \u00e0 Montr\u00e9al et \u00e0 Winnipeg, le film est produit par Sylvain Corbeil pour Metafilms avec la participation de T\u00e9l\u00e9film Canada, la SODEC et des Cr\u00e9dits d\u2019imp\u00f4ts provinciaux du Qu\u00e9bec et du Manitoba. Les ventes internationales sont assur\u00e9es par BFF.<\/p>\n\n\n\n<p>UNE LANGUE UNIVERSELLE est distribu\u00e9 au Qu\u00e9bec par Maison 4 :3 et au Canada par levelFilm et prendra l\u2019affiche dans les prochains mois.<br><\/p>\n\n\n\n<figure class=\"wp-block-image size-large\"><img loading=\"lazy\" decoding=\"async\" width=\"1024\" height=\"604\" src=\"https:\/\/asbtalents.com\/wp-content\/uploads\/2024\/08\/Saba_Capture-decran-2024-08-08-111502-1024x604.png\" alt=\"\" class=\"wp-image-1660\" srcset=\"https:\/\/asbtalents.com\/wp-content\/uploads\/2024\/08\/Saba_Capture-decran-2024-08-08-111502-1024x604.png 1024w, https:\/\/asbtalents.com\/wp-content\/uploads\/2024\/08\/Saba_Capture-decran-2024-08-08-111502-300x177.png 300w, https:\/\/asbtalents.com\/wp-content\/uploads\/2024\/08\/Saba_Capture-decran-2024-08-08-111502-768x453.png 768w, https:\/\/asbtalents.com\/wp-content\/uploads\/2024\/08\/Saba_Capture-decran-2024-08-08-111502-1536x905.png 1536w, https:\/\/asbtalents.com\/wp-content\/uploads\/2024\/08\/Saba_Capture-decran-2024-08-08-111502-18x12.png 18w, https:\/\/asbtalents.com\/wp-content\/uploads\/2024\/08\/Saba_Capture-decran-2024-08-08-111502.png 1656w\" sizes=\"auto, (max-width: 1024px) 100vw, 1024px\" \/><\/figure>","protected":false},"excerpt":{"rendered":"<p>Un article CTVM MAISON 4 :3 et Metafilms sont heureux de souligner que le film UNE LANGUE UNIVERSELLE, r\u00e9alis\u00e9 par Matthew Rankin, sera pr\u00e9sent\u00e9 en premi\u00e8re nord-am\u00e9ricaine et dans le \u00abCentrepiece Programme\u00bb r\u00e9serv\u00e9 aux \u0153uvres immanquables lors de la 49e \u00e9dition du Festival international du film de Toronto (TIFF), qui se tiendra du 5 au [&hellip;]<\/p>\n","protected":false},"author":1,"featured_media":1659,"comment_status":"closed","ping_status":"open","sticky":false,"template":"","format":"standard","meta":{"_acf_changed":false,"footnotes":""},"categories":[7,1],"tags":[],"class_list":["post-1658","post","type-post","status-publish","format-standard","has-post-thumbnail","hentry","category-pas_sur_accueil","category-uncategorized"],"acf":[],"_links":{"self":[{"href":"https:\/\/asbtalents.com\/en\/wp-json\/wp\/v2\/posts\/1658","targetHints":{"allow":["GET"]}}],"collection":[{"href":"https:\/\/asbtalents.com\/en\/wp-json\/wp\/v2\/posts"}],"about":[{"href":"https:\/\/asbtalents.com\/en\/wp-json\/wp\/v2\/types\/post"}],"author":[{"embeddable":true,"href":"https:\/\/asbtalents.com\/en\/wp-json\/wp\/v2\/users\/1"}],"replies":[{"embeddable":true,"href":"https:\/\/asbtalents.com\/en\/wp-json\/wp\/v2\/comments?post=1658"}],"version-history":[{"count":1,"href":"https:\/\/asbtalents.com\/en\/wp-json\/wp\/v2\/posts\/1658\/revisions"}],"predecessor-version":[{"id":1661,"href":"https:\/\/asbtalents.com\/en\/wp-json\/wp\/v2\/posts\/1658\/revisions\/1661"}],"wp:featuredmedia":[{"embeddable":true,"href":"https:\/\/asbtalents.com\/en\/wp-json\/wp\/v2\/media\/1659"}],"wp:attachment":[{"href":"https:\/\/asbtalents.com\/en\/wp-json\/wp\/v2\/media?parent=1658"}],"wp:term":[{"taxonomy":"category","embeddable":true,"href":"https:\/\/asbtalents.com\/en\/wp-json\/wp\/v2\/categories?post=1658"},{"taxonomy":"post_tag","embeddable":true,"href":"https:\/\/asbtalents.com\/en\/wp-json\/wp\/v2\/tags?post=1658"}],"curies":[{"name":"wp","href":"https:\/\/api.w.org\/{rel}","templated":true}]}}