{"id":1716,"date":"2024-08-27T20:45:42","date_gmt":"2024-08-28T00:45:42","guid":{"rendered":"https:\/\/asbtalents.com\/?p=1716"},"modified":"2025-02-14T14:20:31","modified_gmt":"2025-02-14T19:20:31","slug":"une-langue-universelle-choisi-pour-representer-le-canada","status":"publish","type":"post","link":"https:\/\/asbtalents.com\/en\/une-langue-universelle-choisi-pour-representer-le-canada\/","title":{"rendered":"Une langue universelle\u00a0choisi pour repr\u00e9senter le Canada"},"content":{"rendered":"<p><a href=\"https:\/\/www.lapresse.ca\/cinema\/2024-08-27\/oscar-du-meilleur-film-international\/une-langue-universelle-choisi-pour-representer-le-canada.php#\">La Presse<\/a><\/p>\n\n\n\n<figure class=\"wp-block-image size-large\"><img loading=\"lazy\" decoding=\"async\" width=\"1024\" height=\"604\" src=\"https:\/\/asbtalents.com\/wp-content\/uploads\/2024\/08\/Saba_Capture-decran-2024-08-08-111502-1024x604.png\" alt=\"\" class=\"wp-image-1660\" srcset=\"https:\/\/asbtalents.com\/wp-content\/uploads\/2024\/08\/Saba_Capture-decran-2024-08-08-111502-1024x604.png 1024w, https:\/\/asbtalents.com\/wp-content\/uploads\/2024\/08\/Saba_Capture-decran-2024-08-08-111502-300x177.png 300w, https:\/\/asbtalents.com\/wp-content\/uploads\/2024\/08\/Saba_Capture-decran-2024-08-08-111502-768x453.png 768w, https:\/\/asbtalents.com\/wp-content\/uploads\/2024\/08\/Saba_Capture-decran-2024-08-08-111502-1536x905.png 1536w, https:\/\/asbtalents.com\/wp-content\/uploads\/2024\/08\/Saba_Capture-decran-2024-08-08-111502-18x12.png 18w, https:\/\/asbtalents.com\/wp-content\/uploads\/2024\/08\/Saba_Capture-decran-2024-08-08-111502.png 1656w\" sizes=\"auto, (max-width: 1024px) 100vw, 1024px\" \/><\/figure>\n\n\n\n<p>La com\u00e9die surr\u00e9aliste r\u00e9alis\u00e9e par le Montr\u00e9alais Matthew Rankin,\u00a0<em>Une langue universelle<\/em>, a \u00e9t\u00e9 choisie pour repr\u00e9senter le Canada dans la course aux Oscars dans la cat\u00e9gorie du Meilleur film international, a fait savoir T\u00e9l\u00e9film Canada mardi.<\/p>\n\n\n\n<p>Le film a remport\u00e9 le prix du public \u00e0 la Quinzaine des cin\u00e9astes, au Festival de Cannes, en mai\u00a0dernier.<\/p>\n\n\n\n<p>Produit par Sylvain Corbeil, de Metafilms,\u00a0<em>Une langue universelle\u00a0<\/em>fait maintenant partie de la liste de films internationaux qui concourront lors de la 97<sup>e\u00a0<\/sup>C\u00e9r\u00e9monie des Oscars, qui aura lieu le 2\u00a0mars\u00a02025. Une courte liste des 15\u00a0films retenus sera d\u00e9voil\u00e9e le 17\u00a0d\u00e9cembre, tandis que la liste des cinq finalistes retenus par l\u2019Acad\u00e9mie sortira le 17\u00a0janvier.<\/p>\n\n\n\n<p><em>Une langue universelle<\/em>\u00a0raconte plusieurs histoires qui finissent par se croiser. Entre autre celle de deux \u00e9l\u00e8ves du primaire, Negin et Nazgol (Saba Vahedyousefi), qui cherchent \u00e0 sortir des billets d\u2019argent trouv\u00e9s sur un trottoir gel\u00e9 de Winnipeg.<\/p>\n\n\n\n<figure class=\"wp-block-image size-large\"><img loading=\"lazy\" decoding=\"async\" width=\"1024\" height=\"646\" src=\"https:\/\/asbtalents.com\/wp-content\/uploads\/2024\/08\/Saba_Capture-decran-2024-08-08-112118-1024x646.png\" alt=\"\" class=\"wp-image-1659\" srcset=\"https:\/\/asbtalents.com\/wp-content\/uploads\/2024\/08\/Saba_Capture-decran-2024-08-08-112118-1024x646.png 1024w, https:\/\/asbtalents.com\/wp-content\/uploads\/2024\/08\/Saba_Capture-decran-2024-08-08-112118-300x189.png 300w, https:\/\/asbtalents.com\/wp-content\/uploads\/2024\/08\/Saba_Capture-decran-2024-08-08-112118-768x484.png 768w, https:\/\/asbtalents.com\/wp-content\/uploads\/2024\/08\/Saba_Capture-decran-2024-08-08-112118-18x12.png 18w, https:\/\/asbtalents.com\/wp-content\/uploads\/2024\/08\/Saba_Capture-decran-2024-08-08-112118.png 1408w\" sizes=\"auto, (max-width: 1024px) 100vw, 1024px\" \/><\/figure>","protected":false},"excerpt":{"rendered":"<p>La Presse La com\u00e9die surr\u00e9aliste r\u00e9alis\u00e9e par le Montr\u00e9alais Matthew Rankin,\u00a0Une langue universelle, a \u00e9t\u00e9 choisie pour repr\u00e9senter le Canada dans la course aux Oscars dans la cat\u00e9gorie du Meilleur film international, a fait savoir T\u00e9l\u00e9film Canada mardi. Le film a remport\u00e9 le prix du public \u00e0 la Quinzaine des cin\u00e9astes, au Festival de Cannes, [&hellip;]<\/p>\n","protected":false},"author":1,"featured_media":1660,"comment_status":"closed","ping_status":"open","sticky":false,"template":"","format":"standard","meta":{"_acf_changed":false,"footnotes":""},"categories":[7,1],"tags":[],"class_list":["post-1716","post","type-post","status-publish","format-standard","has-post-thumbnail","hentry","category-pas_sur_accueil","category-uncategorized"],"acf":[],"_links":{"self":[{"href":"https:\/\/asbtalents.com\/en\/wp-json\/wp\/v2\/posts\/1716","targetHints":{"allow":["GET"]}}],"collection":[{"href":"https:\/\/asbtalents.com\/en\/wp-json\/wp\/v2\/posts"}],"about":[{"href":"https:\/\/asbtalents.com\/en\/wp-json\/wp\/v2\/types\/post"}],"author":[{"embeddable":true,"href":"https:\/\/asbtalents.com\/en\/wp-json\/wp\/v2\/users\/1"}],"replies":[{"embeddable":true,"href":"https:\/\/asbtalents.com\/en\/wp-json\/wp\/v2\/comments?post=1716"}],"version-history":[{"count":1,"href":"https:\/\/asbtalents.com\/en\/wp-json\/wp\/v2\/posts\/1716\/revisions"}],"predecessor-version":[{"id":1717,"href":"https:\/\/asbtalents.com\/en\/wp-json\/wp\/v2\/posts\/1716\/revisions\/1717"}],"wp:featuredmedia":[{"embeddable":true,"href":"https:\/\/asbtalents.com\/en\/wp-json\/wp\/v2\/media\/1660"}],"wp:attachment":[{"href":"https:\/\/asbtalents.com\/en\/wp-json\/wp\/v2\/media?parent=1716"}],"wp:term":[{"taxonomy":"category","embeddable":true,"href":"https:\/\/asbtalents.com\/en\/wp-json\/wp\/v2\/categories?post=1716"},{"taxonomy":"post_tag","embeddable":true,"href":"https:\/\/asbtalents.com\/en\/wp-json\/wp\/v2\/tags?post=1716"}],"curies":[{"name":"wp","href":"https:\/\/api.w.org\/{rel}","templated":true}]}}