{"id":1761,"date":"2024-03-01T11:27:00","date_gmt":"2024-03-01T16:27:00","guid":{"rendered":"https:\/\/asbtalents.com\/?p=1761"},"modified":"2025-02-14T14:30:48","modified_gmt":"2025-02-14T19:30:48","slug":"limportant-cest-dy-croire","status":"publish","type":"post","link":"https:\/\/asbtalents.com\/en\/limportant-cest-dy-croire\/","title":{"rendered":"L\u2019important, c\u2019est d\u2019y croire"},"content":{"rendered":"\n<p>Un article <a href=\"https:\/\/www.lapresse.ca\/cinema\/entrevues\/2024-03-01\/echo-a-delta\/l-important-c-est-d-y-croire.php\">La Presse<\/a><\/p>\n\n\n\n<p>\u00c9tienne et David croient aux extraterrestres. Un soir d\u2019orage, leur youtubeuse pr\u00e9f\u00e9r\u00e9e les encourage dans une vid\u00e9o en direct \u00e0 sortir dans l\u2019espoir de voir un ovni. Puis, David est frapp\u00e9 par la foudre.<\/p>\n\n\n\n<p>\u00c9tienne se r\u00e9veille \u00e0 l\u2019h\u00f4pital et son p\u00e8re lui apprend que son petit fr\u00e8re est \u00ab&nbsp;parti&nbsp;\u00bb. Tous les adultes qui regardent&nbsp;<em>\u00c9cho \u00e0 Delta&nbsp;<\/em>savent que David est mort, et bien des enfants le supposent aussi. Mais \u00c9tienne est persuad\u00e9 que les extraterrestres ont pris son fr\u00e8re. Avec ses amis, il tentera de le prouver, ce qui s\u00e8mera graduellement le doute chez les plus jeunes cin\u00e9philes.<\/p>\n\n\n\n<p>\u00ab&nbsp;Les parents et les enfants ont une lecture totalement diff\u00e9rente du film, reconna\u00eet d\u2019embl\u00e9e le r\u00e9alisateur Patrick Boivin. Un drame de cette ampleur, je pense que c\u2019est trop pour les enfants, mais de leur faire vivre \u00e0 travers une sorte de magie donne une belle histoire pour eux. Puis, comme parent, moi, les drames me touchent. Ce film me fait encore pleurer. Et s\u2019il permet une r\u00e9flexion des parents sur les discussions qu\u2019ils pourraient avoir avec leurs enfants sur la mort, je trouverais \u00e7a beau.&nbsp;\u00bb<\/p>\n\n\n\n<figure class=\"wp-block-image\"><img decoding=\"async\" src=\"https:\/\/mobile-img.lpcdn.ca\/v2\/924x\/65e6911914ee38b8b82ed50b3f3190fe.jpg\" alt=\"\"\/><figcaption class=\"wp-element-caption\">PHOTO ALAIN ROBERGE, LA PRESSELe r\u00e9alisateur d\u2019<em>\u00c9cho \u00e0 Delta<\/em>, Patrick Boivin<\/figcaption><\/figure>\n\n\n\n<p>Avec ce film, le r\u00e9alisateur de&nbsp;<em>Bunker<\/em>&nbsp;et de nombreux courts m\u00e9trages amusants offerts sur sa cha\u00eene YouTube voulait d\u2019abord amorcer un dialogue avec ses propres enfants sur ce qui arrive quand la vie prend fin.<\/p>\n\n\n\n<p>On ne parle jamais de la mort. Elle se pointe tout le temps comme une surprise et on n\u2019est pas pr\u00eat.&nbsp;<\/p>\n\n\n\n<p>&nbsp;Patrick Boivin, r\u00e9alisateur<\/p>\n\n\n\n<p>Comme bien d\u2019autres de sa g\u00e9n\u00e9ration, Patrick Boivin a aussi \u00e9t\u00e9 marqu\u00e9 par&nbsp;<em>La guerre des tuques<\/em>. \u00ab&nbsp;C\u2019est tellement d\u00e9chirant quand le chien meurt. C\u2019est un film pour enfants, mais on en sortait en pleurant. Cette \u00e9motion combin\u00e9e \u00e0 l\u2019authenticit\u00e9 des jeunes me manquait.&nbsp;\u00bb<\/p>\n\n\n\n<figure class=\"wp-block-image\"><img decoding=\"async\" src=\"https:\/\/mobile-img.lpcdn.ca\/v2\/924x\/751c6e9dac4631349570e336d69e5c95.jpg\" alt=\"\"\/><figcaption class=\"wp-element-caption\">PHOTO ALAIN ROBERGE, LA PRESSEIsak Guinard Butt<\/figcaption><\/figure>\n\n\n\n<p>Inspir\u00e9 par le classique d\u2019Andr\u00e9 Melan\u00e7on, il a abord\u00e9 le deuil du point de vue d\u2019un gar\u00e7on de 10&nbsp;ans, jou\u00e9 par le nouveau venu Isak Guinard Butt. Issu du collectif humoristique Phylact\u00e8re Cola, le cin\u00e9aste a all\u00e9g\u00e9 l\u2019ensemble gr\u00e2ce \u00e0 la camaraderie, le r\u00e9alisme magique et l\u2019art de l\u2019animation image par image (<em>stop-motion<\/em>). L\u2019enqu\u00eate men\u00e9e par \u00c9tienne et ses amis afin de b\u00e2tir un dossier qu\u2019ils comptent pr\u00e9senter \u00e0 la youtubeuse Ovnina est truff\u00e9e de parcelles de leur imagination qui s\u2019animent \u00e0 l\u2019\u00e9cran. \u00ab&nbsp;Jean-Daniel [Desroches, le sc\u00e9nariste] m\u2019a approch\u00e9, il y a une dizaine d\u2019ann\u00e9es, avec son projet dans lequel il voulait mettre plein de moments de magie. On a construit le film avec en t\u00eate les atouts que j\u2019ai, toujours en justifiant ces s\u00e9quences dans l\u2019histoire. On souhaitait faire quelque chose de visuellement impressionnant tout en consid\u00e9rant le budget&nbsp;\u00bb, explique Patrick Boivin.<\/p>\n\n\n\n<figure class=\"wp-block-image\"><img decoding=\"async\" src=\"https:\/\/mobile-img.lpcdn.ca\/v2\/924x\/88141b261fc03ae8bb571bb318ce1c75.jpg\" alt=\"\"\/><figcaption class=\"wp-element-caption\">PHOTO FOURNIE PAR FILMOPTION INTERNATIONAL&nbsp;La Camaro volante&nbsp;!<\/figcaption><\/figure>\n\n\n\n<h2 class=\"wp-block-heading\">La recrue et le v\u00e9t\u00e9ran<\/h2>\n\n\n\n<p>Parmi les sc\u00e8nes surprenantes, il y a celle de la vieille Camaro rouge qui se transforme en fus\u00e9e. Celle-ci est l\u2019\u0153uvre d\u2019\u00c9tienne et de Steve, propri\u00e9taire d\u2019un parc \u00e0 ferraille (une \u00ab&nbsp;cour \u00e0 scrap&nbsp;\u00bb), interpr\u00e9t\u00e9 par Martin Dubreuil. Le com\u00e9dien et membre des Breastfeeders a jou\u00e9 un r\u00f4le dans l\u2019obtention du premier r\u00f4le \u00e0 vie d\u2019Isak Guinard Butt.<\/p>\n\n\n\n<figure class=\"wp-block-image\"><img decoding=\"async\" src=\"https:\/\/mobile-img.lpcdn.ca\/v2\/924x\/541cb461b5a83974a0ec771d0b685249.jpg\" alt=\"\"\/><figcaption class=\"wp-element-caption\">PHOTO ALAIN ROBERGE, LA PRESSEIsak Guinard Butt et Martin Dubreuil incarnent respectivement \u00c9tienne et Steve.<\/figcaption><\/figure>\n\n\n\n<p>\u00ab&nbsp;Isak est le fils de William, un de mes meilleurs amis et le premier&nbsp;<em>drummer<\/em>&nbsp;de mon groupe. J\u2019ai su qu\u2019il \u00e9tait int\u00e9ress\u00e9 \u00e0 devenir acteur. J\u2019aime \u00e7a donner une chance \u00e0 mon monde et donner au suivant, alors je l\u2019ai sugg\u00e9r\u00e9 \u00e0 Patrick Boivin. Il n\u2019\u00e9tait pas question de faire du favoritisme. Ils l\u2019ont choisi apr\u00e8s quelques auditions et je pense que \u00e7\u2019a \u00e9t\u00e9 une sage d\u00e9cision&nbsp;\u00bb, raconte Martin Dubreuil.<\/p>\n\n\n\n<p>Je n\u2019avais jamais fait de th\u00e9\u00e2tre ou quoi que ce soit qui \u00e9tait cin\u00e9matographique. C\u2019\u00e9tait du talent apparemment\u2026 Je ne veux pas dire \u00ab&nbsp;ouais, je suis talentueux&nbsp;\u00bb, mais Patrick Bovin m\u2019a r\u00e9p\u00e9t\u00e9 souvent que je n\u2019avais pas beaucoup de chances [d\u2019avoir le r\u00f4le]. J\u2019ai bien fait \u00e7a, je pense<\/p>\n\n\n\n<p>&nbsp;Isak Guinard Butt<\/p>\n\n\n\n<p>M\u00eame s\u2019il admet qu\u2019il avait \u00ab&nbsp;l\u2019impression de ne pas travailler&nbsp;\u00bb lorsqu\u2019il \u00e9tait sur le plateau et qu\u2019il s\u2019est beaucoup amus\u00e9 pendant le tournage \u00e0 Montr\u00e9al, \u00e0 Laval et sur la Rive Sud, Isak a \u00e9t\u00e9 secou\u00e9 en regardant&nbsp;<em>\u00c9cho \u00e0 Delta&nbsp;<\/em>la premi\u00e8re fois. \u00ab&nbsp;J\u2019ai beaucoup pleur\u00e9&nbsp;! C\u2019est bizarre de se voir \u00e0 l\u2019\u00e9cran, mais c\u2019est surtout poignant comme histoire. \u00c7a m\u2019a aussi permis de r\u00e9aliser que les enfants doivent comprendre que la mort, \u00e7a arrive.&nbsp;\u00bb<\/p>\n\n\n\n<figure class=\"wp-block-image\"><img decoding=\"async\" src=\"https:\/\/mobile-img.lpcdn.ca\/v2\/924x\/5605e83bee6a378cb28b65bdec5fdd90.jpg\" alt=\"\"\/><figcaption class=\"wp-element-caption\">PHOTO FOURNIE PAR FILMOPTION INTERNATIONAL&nbsp;Les amis m\u00e8nent leur enqu\u00eate.<\/figcaption><\/figure>\n\n\n\n<p>\u00ab&nbsp;Steve devient comme son grand fr\u00e8re qui l\u2019aide \u00e0 traverser un deuil. Puis, Steve, \u00e7a lui fait du bien de vivre ce d\u00e9lire avec \u00c9tienne, pr\u00e9cise Patrick Boivin. Quand j\u2019\u00e9tais jeune, avec mon fr\u00e8re, on allait aussi jouer dans une cour \u00e0 scrap pas loin de chez nous. C\u2019\u00e9tait un endroit dont on avait vraiment peur, mais on \u00e9tait incapables de ne pas y aller. Comme r\u00e9alisateur, je l\u2019ai approch\u00e9 de la m\u00eame fa\u00e7on. Le r\u00e9confort dans un lieu improbable.&nbsp;\u00bb<\/p>\n","protected":false},"excerpt":{"rendered":"<p>Un article La Presse \u00c9tienne et David croient aux extraterrestres. Un soir d\u2019orage, leur youtubeuse pr\u00e9f\u00e9r\u00e9e les encourage dans une vid\u00e9o en direct \u00e0 sortir dans l\u2019espoir de voir un ovni. Puis, David est frapp\u00e9 par la foudre. \u00c9tienne se r\u00e9veille \u00e0 l\u2019h\u00f4pital et son p\u00e8re lui apprend que son petit fr\u00e8re est \u00ab&nbsp;parti&nbsp;\u00bb. Tous [&hellip;]<\/p>\n","protected":false},"author":1,"featured_media":1759,"comment_status":"closed","ping_status":"open","sticky":false,"template":"","format":"standard","meta":{"_acf_changed":false,"footnotes":""},"categories":[7,1],"tags":[],"class_list":["post-1761","post","type-post","status-publish","format-standard","has-post-thumbnail","hentry","category-pas_sur_accueil","category-uncategorized"],"acf":[],"_links":{"self":[{"href":"https:\/\/asbtalents.com\/en\/wp-json\/wp\/v2\/posts\/1761","targetHints":{"allow":["GET"]}}],"collection":[{"href":"https:\/\/asbtalents.com\/en\/wp-json\/wp\/v2\/posts"}],"about":[{"href":"https:\/\/asbtalents.com\/en\/wp-json\/wp\/v2\/types\/post"}],"author":[{"embeddable":true,"href":"https:\/\/asbtalents.com\/en\/wp-json\/wp\/v2\/users\/1"}],"replies":[{"embeddable":true,"href":"https:\/\/asbtalents.com\/en\/wp-json\/wp\/v2\/comments?post=1761"}],"version-history":[{"count":1,"href":"https:\/\/asbtalents.com\/en\/wp-json\/wp\/v2\/posts\/1761\/revisions"}],"predecessor-version":[{"id":1762,"href":"https:\/\/asbtalents.com\/en\/wp-json\/wp\/v2\/posts\/1761\/revisions\/1762"}],"wp:featuredmedia":[{"embeddable":true,"href":"https:\/\/asbtalents.com\/en\/wp-json\/wp\/v2\/media\/1759"}],"wp:attachment":[{"href":"https:\/\/asbtalents.com\/en\/wp-json\/wp\/v2\/media?parent=1761"}],"wp:term":[{"taxonomy":"category","embeddable":true,"href":"https:\/\/asbtalents.com\/en\/wp-json\/wp\/v2\/categories?post=1761"},{"taxonomy":"post_tag","embeddable":true,"href":"https:\/\/asbtalents.com\/en\/wp-json\/wp\/v2\/tags?post=1761"}],"curies":[{"name":"wp","href":"https:\/\/api.w.org\/{rel}","templated":true}]}}