{"id":1825,"date":"2024-09-25T13:04:20","date_gmt":"2024-09-25T17:04:20","guid":{"rendered":"https:\/\/asbtalents.com\/?p=1825"},"modified":"2025-02-14T14:17:51","modified_gmt":"2025-02-14T19:17:51","slug":"une-langue-universelle-avec-saba-vahedyousefi-en-ouverture-du-fnc","status":"publish","type":"post","link":"https:\/\/asbtalents.com\/en\/une-langue-universelle-avec-saba-vahedyousefi-en-ouverture-du-fnc\/","title":{"rendered":"Une langue universelle\u00a0avec Saba Vahedyousefi en ouverture du FNC"},"content":{"rendered":"<p><a href=\"https:\/\/ici.radio-canada.ca\/nouvelle\/2107203\/langue-universelle-matthew-rankin-festival-nouveau-cinema\">ICI Radio Canada Arts<\/a><\/p>\n\n\n\n<figure class=\"wp-block-image size-large\"><img loading=\"lazy\" decoding=\"async\" width=\"1024\" height=\"646\" src=\"https:\/\/asbtalents.com\/wp-content\/uploads\/2024\/08\/Saba_Capture-decran-2024-08-08-112118-1024x646.png\" alt=\"\" class=\"wp-image-1659\" srcset=\"https:\/\/asbtalents.com\/wp-content\/uploads\/2024\/08\/Saba_Capture-decran-2024-08-08-112118-1024x646.png 1024w, https:\/\/asbtalents.com\/wp-content\/uploads\/2024\/08\/Saba_Capture-decran-2024-08-08-112118-300x189.png 300w, https:\/\/asbtalents.com\/wp-content\/uploads\/2024\/08\/Saba_Capture-decran-2024-08-08-112118-768x484.png 768w, https:\/\/asbtalents.com\/wp-content\/uploads\/2024\/08\/Saba_Capture-decran-2024-08-08-112118-18x12.png 18w, https:\/\/asbtalents.com\/wp-content\/uploads\/2024\/08\/Saba_Capture-decran-2024-08-08-112118.png 1408w\" sizes=\"auto, (max-width: 1024px) 100vw, 1024px\" \/><\/figure>\n\n\n\n<p>Le film<em>&nbsp;Une langue universelle&nbsp;<\/em>du r\u00e9alisateur montr\u00e9alais Matthew Rankin,&nbsp;<a href=\"https:\/\/ici.radio-canada.ca\/nouvelle\/2100127\/une-langue-universelle-course-nominations-meilleur-film-international-oscars\">qui repr\u00e9sentera le Canada dans la course \u00e0 l\u2019Oscar du meilleur film international<\/a>, ouvrira le 53<sup>e<\/sup>&nbsp;Festival du nouveau cin\u00e9ma&nbsp;(FNC) \u00e0 Montr\u00e9al. Au total, 102&nbsp;longs m\u00e9trages et 98&nbsp;courts m\u00e9trages seront pr\u00e9sent\u00e9s du 9 au 20&nbsp;octobre.<\/p>\n\n\n\n<p>Le deuxi\u00e8me long m\u00e9trage de Matthew Rankin, originaire de Winnipeg, sera pr\u00e9sent\u00e9 le 9&nbsp;octobre au Monument-National. Tourn\u00e9 en fran\u00e7ais et en persan \u00e0 Montr\u00e9al et \u00e0 Winnipeg, le film met en vedette le cin\u00e9aste lui-m\u00eame, ainsi que Mani Soleymanlou, Danielle Fichaud et les jeunes Rojina Esmaeili et Saba Vahedyousefi, pour la premi\u00e8re fois \u00e0 l\u2019\u00e9cran.<\/p>\n\n\n\n<p><em>Une langue universelle<\/em>&nbsp;raconte l\u2019histoire de Matthew, un fonctionnaire montr\u00e9alais introverti qui revient dans son Winnipeg natal pour rendre visite \u00e0 sa m\u00e8re malade. Lorsqu'il arrive dans la capitale manitobaine, une chose le frappe&nbsp;: tout le monde parle farsi. Il sera plong\u00e9 dans une s\u00e9rie d'\u00e9v\u00e9nements \u00e9tranges, croisant notamment le chemin d\u2019un touriste excentrique, ou encore celui de deux \u00e9coli\u00e8res cherchant \u00e0 r\u00e9cup\u00e9rer de l'argent gel\u00e9 sous la glace.<\/p>\n\n\n\n<p>Le film&nbsp;<em>Une langue universelle&nbsp;<\/em>a d\u00e9j\u00e0 \u00e9t\u00e9 couronn\u00e9 du premier prix Choix du public de l\u2019histoire de la Quinzaine des cin\u00e9astes de Cannes en mai dernier.<\/p>","protected":false},"excerpt":{"rendered":"<p>ICI Radio Canada Arts Le film&nbsp;Une langue universelle&nbsp;du r\u00e9alisateur montr\u00e9alais Matthew Rankin,&nbsp;qui repr\u00e9sentera le Canada dans la course \u00e0 l\u2019Oscar du meilleur film international, ouvrira le 53e&nbsp;Festival du nouveau cin\u00e9ma&nbsp;(FNC) \u00e0 Montr\u00e9al. Au total, 102&nbsp;longs m\u00e9trages et 98&nbsp;courts m\u00e9trages seront pr\u00e9sent\u00e9s du 9 au 20&nbsp;octobre. Le deuxi\u00e8me long m\u00e9trage de Matthew Rankin, originaire de Winnipeg, [&hellip;]<\/p>\n","protected":false},"author":1,"featured_media":1659,"comment_status":"closed","ping_status":"open","sticky":false,"template":"","format":"standard","meta":{"_acf_changed":false,"footnotes":""},"categories":[7,1],"tags":[],"class_list":["post-1825","post","type-post","status-publish","format-standard","has-post-thumbnail","hentry","category-pas_sur_accueil","category-uncategorized"],"acf":[],"_links":{"self":[{"href":"https:\/\/asbtalents.com\/en\/wp-json\/wp\/v2\/posts\/1825","targetHints":{"allow":["GET"]}}],"collection":[{"href":"https:\/\/asbtalents.com\/en\/wp-json\/wp\/v2\/posts"}],"about":[{"href":"https:\/\/asbtalents.com\/en\/wp-json\/wp\/v2\/types\/post"}],"author":[{"embeddable":true,"href":"https:\/\/asbtalents.com\/en\/wp-json\/wp\/v2\/users\/1"}],"replies":[{"embeddable":true,"href":"https:\/\/asbtalents.com\/en\/wp-json\/wp\/v2\/comments?post=1825"}],"version-history":[{"count":1,"href":"https:\/\/asbtalents.com\/en\/wp-json\/wp\/v2\/posts\/1825\/revisions"}],"predecessor-version":[{"id":1826,"href":"https:\/\/asbtalents.com\/en\/wp-json\/wp\/v2\/posts\/1825\/revisions\/1826"}],"wp:featuredmedia":[{"embeddable":true,"href":"https:\/\/asbtalents.com\/en\/wp-json\/wp\/v2\/media\/1659"}],"wp:attachment":[{"href":"https:\/\/asbtalents.com\/en\/wp-json\/wp\/v2\/media?parent=1825"}],"wp:term":[{"taxonomy":"category","embeddable":true,"href":"https:\/\/asbtalents.com\/en\/wp-json\/wp\/v2\/categories?post=1825"},{"taxonomy":"post_tag","embeddable":true,"href":"https:\/\/asbtalents.com\/en\/wp-json\/wp\/v2\/tags?post=1825"}],"curies":[{"name":"wp","href":"https:\/\/api.w.org\/{rel}","templated":true}]}}