{"id":1955,"date":"2024-11-16T16:03:04","date_gmt":"2024-11-16T21:03:04","guid":{"rendered":"https:\/\/asbtalents.com\/?p=1955"},"modified":"2025-02-14T14:14:53","modified_gmt":"2025-02-14T19:14:53","slug":"larena-de-retour-pour-une-2e-saison-avec-leo-mai","status":"publish","type":"post","link":"https:\/\/asbtalents.com\/en\/larena-de-retour-pour-une-2e-saison-avec-leo-mai\/","title":{"rendered":"L'Ar\u00e9na de retour pour une 2e saison avec L\u00e9o Mai"},"content":{"rendered":"<p>Un article <a href=\"https:\/\/ctvm.info\/les-nouveaux-episodes-de-larena-seront-presentes-en-primeur-sur-crave-a-compter-du-9-janvier-2025\/\">CTVM info<\/a><\/p>\n\n\n\n<figure class=\"wp-block-image size-full\"><img loading=\"lazy\" decoding=\"async\" width=\"968\" height=\"505\" src=\"https:\/\/asbtalents.com\/wp-content\/uploads\/2024\/11\/Capture-decran-2024-11-16-160056.png\" alt=\"\" class=\"wp-image-1956\" srcset=\"https:\/\/asbtalents.com\/wp-content\/uploads\/2024\/11\/Capture-decran-2024-11-16-160056.png 968w, https:\/\/asbtalents.com\/wp-content\/uploads\/2024\/11\/Capture-decran-2024-11-16-160056-300x157.png 300w, https:\/\/asbtalents.com\/wp-content\/uploads\/2024\/11\/Capture-decran-2024-11-16-160056-768x401.png 768w, https:\/\/asbtalents.com\/wp-content\/uploads\/2024\/11\/Capture-decran-2024-11-16-160056-18x9.png 18w\" sizes=\"auto, (max-width: 968px) 100vw, 968px\" \/><\/figure>\n\n\n\n<p><strong>Les nouveaux \u00e9pisodes de L\u2019AR\u00c9NA seront pr\u00e9sent\u00e9s en primeur sur Crave \u00e0 compter du 9 janvier 2025<\/strong><\/p>\n\n\n\n<p><strong>L\u2019AR\u00c9NA<\/strong>, la populaire s\u00e9rie \u00e0 sketches, est de retour pour une deuxi\u00e8me saison, pr\u00e9sent\u00e9e en primeur sur Crave d\u00e8s le 9 janvier. Pour l\u2019occasion, la s\u00e9rie accueille dans son \u00e9quipe&nbsp;<strong><u>Erika Suarez<\/u><\/strong>&nbsp;dans le r\u00f4le de Carla, la s\u0153ur de Natalia interpr\u00e9t\u00e9e par&nbsp;<strong>Mariana Mazza<\/strong>,&nbsp;<strong>Jean-Fran\u00e7ois Proven\u00e7al<\/strong>&nbsp;qui pr\u00eate ses traits \u00e0 Bob, un nouvel employ\u00e9 de l\u2019ar\u00e9na, et&nbsp;<strong>L\u00e9o Mai<\/strong>&nbsp;qui se glisse dans la peau de Jacob, le fils des personnages jou\u00e9s par&nbsp;<strong>Marc Beaupr\u00e9<\/strong>&nbsp;et&nbsp;<strong>Leila Thibault-Louchem<\/strong>.<\/p>\n\n\n\n<p>Les nouveaux personnages de<strong>&nbsp;L\u2019AR\u00c9NA<\/strong>&nbsp;s\u2019ajoutent \u00e0 l\u2019\u00e9quipe \u00e9toile de com\u00e9diens principaux dans cette s\u00e9rie qui continue d\u2019aborder les situations du quotidien \u00e0 travers des personnages r\u00e9alistes \u2013 et un tantinet d\u00e9jant\u00e9. Que ce soit dans les gradins, sur la patinoire, dans les vestiaires ou au casse-cro\u00fbte de ce lieu embl\u00e9matique bien de chez nous, toutes les histoires de&nbsp;<strong>L\u2019AR\u00c9NA<\/strong>&nbsp;promettent de faire rire gentiment, avec beaucoup d\u2019autod\u00e9rision.<\/p>\n\n\n\n<p>Des invit\u00e9s de marque dans les couloirs de&nbsp;<strong>L\u2019AR\u00c9NA<\/strong>&nbsp;Au fil des \u00e9pisodes de cette deuxi\u00e8me saison, d\u2019excellents cam\u00e9os s\u2019ajoutent \u00e0 la distribution. L<strong>udivine Reding, Mario Tessier, Joelle Par\u00e9-Beaulieu, Simon Lacroix, \u00c9lodie Grenier, Danick Martineau<\/strong>&nbsp;et&nbsp;<strong>Daniel Savoie<\/strong>&nbsp;sont de passage \u00e0 L\u2019AR\u00c9NA dans des sketches r\u00e9dig\u00e9s express\u00e9ment pour eux.<\/p>\n\n\n\n<p>La deuxi\u00e8me saison de<strong>&nbsp;L\u2019AR\u00c9NA<\/strong>&nbsp;est produite par Entourage, en collaboration avec Bell M\u00e9dia.&nbsp;<strong>S\u00e9bastien Gagn\u00e9<\/strong>&nbsp;signe \u00e0 nouveau la r\u00e9alisation de la s\u00e9rie.&nbsp;<strong>Julien Pelletier, S\u00e9bastien Ravary, Justine Philie, Alexina Gilbert, Francesca Gauthier, St\u00e9phanie Vandelac, Florence Nadeau, Virginie Chauvette<\/strong>&nbsp;et&nbsp;<strong>Pascale Marineau<\/strong>&nbsp;forment le collectif d\u2019auteurs derri\u00e8re les 12 \u00e9pisodes, et&nbsp;<strong>Jean-Fran\u00e7ois Proven\u00e7al<\/strong>&nbsp;assure \u00e0 nouveau la script-\u00e9dition. Les tournages sont en cours au Colis\u00e9e de Laval.<\/p>\n\n\n\n<p>Les 12 \u00e9pisodes seront d\u00e9pos\u00e9s sur Crave \u00e0 raison de deux \u00e9pisodes par semaine \u00e0 compter du jeudi 9 janvier.<\/p>\n\n\n\n<p>Afin de plonger ou de replonger dans l\u2019univers de&nbsp;<strong>L\u2019AR\u00c9NA<\/strong>, Noovo rediffuse la premi\u00e8re saison en rafale d\u00e8s le 18 novembre, du lundi au jeudi \u00e0 19 h 30. Elle est aussi disponible en rattrapage sur Crave.<\/p>\n\n\n\n<figure class=\"wp-block-image size-large\"><img loading=\"lazy\" decoding=\"async\" width=\"683\" height=\"1024\" src=\"https:\/\/asbtalents.com\/wp-content\/uploads\/2023\/07\/20240217_leo_mai_15323-683x1024.jpg\" alt=\"\" class=\"wp-image-1372\" srcset=\"https:\/\/asbtalents.com\/wp-content\/uploads\/2023\/07\/20240217_leo_mai_15323-683x1024.jpg 683w, https:\/\/asbtalents.com\/wp-content\/uploads\/2023\/07\/20240217_leo_mai_15323-200x300.jpg 200w, https:\/\/asbtalents.com\/wp-content\/uploads\/2023\/07\/20240217_leo_mai_15323-768x1151.jpg 768w, https:\/\/asbtalents.com\/wp-content\/uploads\/2023\/07\/20240217_leo_mai_15323-8x12.jpg 8w, https:\/\/asbtalents.com\/wp-content\/uploads\/2023\/07\/20240217_leo_mai_15323.jpg 5464w\" sizes=\"auto, (max-width: 683px) 100vw, 683px\" \/><figcaption class=\"wp-element-caption\">Melany Bernier 2024<\/figcaption><\/figure>","protected":false},"excerpt":{"rendered":"<p>Un article CTVM info Les nouveaux \u00e9pisodes de L\u2019AR\u00c9NA seront pr\u00e9sent\u00e9s en primeur sur Crave \u00e0 compter du 9 janvier 2025 L\u2019AR\u00c9NA, la populaire s\u00e9rie \u00e0 sketches, est de retour pour une deuxi\u00e8me saison, pr\u00e9sent\u00e9e en primeur sur Crave d\u00e8s le 9 janvier. Pour l\u2019occasion, la s\u00e9rie accueille dans son \u00e9quipe&nbsp;Erika Suarez&nbsp;dans le r\u00f4le de [&hellip;]<\/p>\n","protected":false},"author":1,"featured_media":1958,"comment_status":"closed","ping_status":"open","sticky":false,"template":"","format":"standard","meta":{"_acf_changed":false,"footnotes":""},"categories":[7,1],"tags":[],"class_list":["post-1955","post","type-post","status-publish","format-standard","has-post-thumbnail","hentry","category-pas_sur_accueil","category-uncategorized"],"acf":[],"_links":{"self":[{"href":"https:\/\/asbtalents.com\/en\/wp-json\/wp\/v2\/posts\/1955","targetHints":{"allow":["GET"]}}],"collection":[{"href":"https:\/\/asbtalents.com\/en\/wp-json\/wp\/v2\/posts"}],"about":[{"href":"https:\/\/asbtalents.com\/en\/wp-json\/wp\/v2\/types\/post"}],"author":[{"embeddable":true,"href":"https:\/\/asbtalents.com\/en\/wp-json\/wp\/v2\/users\/1"}],"replies":[{"embeddable":true,"href":"https:\/\/asbtalents.com\/en\/wp-json\/wp\/v2\/comments?post=1955"}],"version-history":[{"count":1,"href":"https:\/\/asbtalents.com\/en\/wp-json\/wp\/v2\/posts\/1955\/revisions"}],"predecessor-version":[{"id":1957,"href":"https:\/\/asbtalents.com\/en\/wp-json\/wp\/v2\/posts\/1955\/revisions\/1957"}],"wp:featuredmedia":[{"embeddable":true,"href":"https:\/\/asbtalents.com\/en\/wp-json\/wp\/v2\/media\/1958"}],"wp:attachment":[{"href":"https:\/\/asbtalents.com\/en\/wp-json\/wp\/v2\/media?parent=1955"}],"wp:term":[{"taxonomy":"category","embeddable":true,"href":"https:\/\/asbtalents.com\/en\/wp-json\/wp\/v2\/categories?post=1955"},{"taxonomy":"post_tag","embeddable":true,"href":"https:\/\/asbtalents.com\/en\/wp-json\/wp\/v2\/tags?post=1955"}],"curies":[{"name":"wp","href":"https:\/\/api.w.org\/{rel}","templated":true}]}}